{"id":3123,"date":"2023-12-16T11:42:27","date_gmt":"2023-12-16T10:42:27","guid":{"rendered":"https:\/\/rugbysevilla.es\/wp\/?p=3123"},"modified":"2024-03-01T02:51:31","modified_gmt":"2024-03-01T01:51:31","slug":"ghenova-cocos-recibe-a-un-crat-a-coruna-en-alza-manana-domingo-a-las-11-00-en-la-cartuja","status":"publish","type":"post","link":"https:\/\/rugbysevilla.es\/wp\/ghenova-cocos-recibe-a-un-crat-a-coruna-en-alza-manana-domingo-a-las-11-00-en-la-cartuja\/","title":{"rendered":"Ghenova Cocos recibe a un CRAT A Coru\u00f1a en alza ma\u00f1ana domingo a las 11.00 en La Cartuja"},"content":{"rendered":"<p><div class=\"fusion-fullwidth fullwidth-box fusion-builder-row-1 fusion-flex-container has-pattern-background has-mask-background nonhundred-percent-fullwidth non-hundred-percent-height-scrolling\" style=\"--awb-border-radius-top-left:0px;--awb-border-radius-top-right:0px;--awb-border-radius-bottom-right:0px;--awb-border-radius-bottom-left:0px;--awb-margin-top:30px;\" ><div class=\"fusion-builder-row fusion-row fusion-flex-align-items-flex-start\" style=\"max-width:1216.8px;margin-left: calc(-4% \/ 2 );margin-right: calc(-4% \/ 2 );\"><div class=\"fusion-layout-column fusion_builder_column fusion-builder-column-0 fusion_builder_column_1_1 1_1 fusion-flex-column\" style=\"--awb-bg-size:cover;--awb-width-large:100%;--awb-spacing-right-large:1.92%;--awb-spacing-left-large:1.92%;--awb-width-medium:100%;--awb-order-medium:0;--awb-spacing-right-medium:1.92%;--awb-spacing-left-medium:1.92%;--awb-width-small:100%;--awb-order-small:0;--awb-spacing-right-small:1.92%;--awb-spacing-left-small:1.92%;\"><div class=\"fusion-column-wrapper fusion-column-has-shadow fusion-flex-justify-content-flex-start fusion-content-layout-column\"><div class=\"fusion-text fusion-text-1\"><p style=\"text-align: justify;\"><span style=\"font-size: 14pt;\"><em><strong>Hora de resarcirse ante las segundas clasificadas y de seguir aspirando al t\u00edtulo.<\/strong><\/em><\/span><\/p>\n<p style=\"text-align: justify;\">El Ghenova Cocos recibe el La Cartuja a las 11-00 a un CRAT A Coru\u00f1a en alza. Rival complicado para resarcirse de una derrota m\u00e1s abultada de la realidad y diferencias en Majadahonda. con arbitraje de la valenciana Lorena Martinez. La lista la componen las delanteras Marta Chacartegui \u2018Golfy\u2019, Marieta Rom\u00e1n, Tisera Volkman, Ruby Ngaruhe Irene \u2018Pome\u2019 Pascual, \u2018Mele\u2019 Fern\u00e1ndez, Irene Gonz\u00e1lez \u2018Puma\u2019, Tonya Wessman, Laura \u2018Raluka\u2019 Mu\u00f1iz, Paula Monterrubio, Mar\u00eda Estepa, Ilham Chouaib y Ana Peralta, y las medios y tres cuartos Julia Castro, Duna G\u00f3mez, Blanca Ruiz, Claudia S\u00e1nchez, Carolina \u2018Ch\u00eda\u2019 Alfaro, Nicole Cerulli, Ana Caravaca \u2018Demi\u2019, Irene Romero \u2018Perdi\u2019, Concha Moreno y como gran novedad Olalla Miguel una joven ala cacere\u00f1a aterrizada este a\u00f1os en el seno de le equipo y que ya ha jugado con participaciones destacadas en el equipo B<a href=\"http:\/\/casquettevondutch.com\"><strong>casquette femme von dutch<\/strong><\/a> <a href=\"http:\/\/www.smegroup.it\/amazon-goldkette-24-karat-herren-k.html\"><strong>amazon goldkette 24 karat herren<\/strong><\/a> <a href=\"http:\/\/simagercek.com\/mochila-anekke-arizona-k.html\"><strong>mochila anekke arizona<\/strong><\/a> <a href=\"http:\/\/stetsonwestern.com\"><strong>black stetson hat<\/strong><\/a> <a href=\"https:\/\/10probuy.com\/boss-autoradio-k.html\"><strong>boss autoradio<\/strong><\/a> <a href=\"http:\/\/roidng-america.com\/manico-basso-5-corde-amazon-k.html\"><strong>manico basso 5 corde amazon<\/strong><\/a> <a href=\"http:\/\/roidng-america.com\/manico-basso-5-corde-amazon-k.html\"><strong>manico basso 5 corde amazon<\/strong><\/a> <a href=\"https:\/\/parveenroadways.com\/workout-spandex-shorts-k.html\"><strong>workout spandex shorts<\/strong><\/a> <a href=\"http:\/\/colegiotendencia.com.br\/vans-sandals-australia-k.html\"><strong>vans sandals australia<\/strong><\/a> <a href=\"http:\/\/erlichtextil.com\"><strong>erlich bademode<\/strong><\/a> <a href=\"https:\/\/www.adidaswomenforsale.com\/\"><strong>yeezy shoes for sale<\/strong><\/a> <a href=\"http:\/\/1sourcedigital.com\/selected-frakke-brun-k.html\"><strong>selected frakke brun<\/strong><\/a> <a href=\"https:\/\/akerkurutemizleme.com\/%CE%B9%CF%83%CE%BF%CE%B8%CE%B5%CF%81%CE%BC%CE%B9%CE%BA%CE%BF-%CE%BC%CF%80%CE%BB%CE%BF%CF%85%CE%B6%CE%B1%CE%BA%CE%B9-stok-k.html\"><strong>\u03b9\u03c3\u03bf\u03b8\u03b5\u03c1\u03bc\u03b9\u03ba\u03bf \u03bc\u03c0\u03bb\u03bf\u03c5\u03b6\u03b1\u03ba\u03b9 stok<\/strong><\/a> <a href=\"https:\/\/comprocochesdedesguace.es\/balenciaga-sinners-hoodie-k.html\"><strong>balenciaga sinners hoodie<\/strong><\/a> <a href=\"http:\/\/bolneli.ge\/une-sneaker-k.html\"><strong>une sneaker<\/strong><\/a> de Liga regional mairenero<\/p>\n<\/div><\/div><\/div><\/div><\/div><div class=\"fusion-fullwidth fullwidth-box fusion-builder-row-2 fusion-flex-container has-pattern-background has-mask-background nonhundred-percent-fullwidth non-hundred-percent-height-scrolling\" style=\"--awb-border-radius-top-left:0px;--awb-border-radius-top-right:0px;--awb-border-radius-bottom-right:0px;--awb-border-radius-bottom-left:0px;\" ><div class=\"fusion-builder-row fusion-row fusion-flex-align-items-flex-start\" style=\"max-width:1216.8px;margin-left: calc(-4% \/ 2 );margin-right: calc(-4% \/ 2 );\"><div class=\"fusion-layout-column fusion_builder_column fusion-builder-column-1 fusion_builder_column_1_2 1_2 fusion-flex-column\" style=\"--awb-bg-size:cover;--awb-width-large:50%;--awb-margin-top-large:30px;--awb-spacing-right-large:3.84%;--awb-spacing-left-large:3.84%;--awb-width-medium:100%;--awb-order-medium:0;--awb-spacing-right-medium:1.92%;--awb-spacing-left-medium:1.92%;--awb-width-small:100%;--awb-order-small:0;--awb-spacing-right-small:1.92%;--awb-spacing-left-small:1.92%;\"><div class=\"fusion-column-wrapper fusion-column-has-shadow fusion-flex-justify-content-flex-start fusion-content-layout-column\"><div class=\"fusion-text fusion-text-2\"><p>El entrenador Pablo Ar\u00e9valo \u2018Chino\u2019 comenta<\/p>\n<blockquote>\n<p>Recibimos a un equipo muy compensado y que va a estar arriba en la clasificaci\u00f3n. Nosotras venimos de un resultado duro en Majadahonda que hemos analizado en profundidad para entender qu\u00e9 fue lo que no nos hizo ser competitivas en el marcador para tener m\u00e1s opciones claras de marcar puntos. Hemos trabajado tambi\u00e9n en cohesionar mejor los conceptos defensivos del equipo donde a\u00fan nos falta adue\u00f1arnos de un estilo y filosof\u00eda com\u00fan para todas. Esa brecha se paga muy cara en esta competici\u00f3n como ya hemos podido ver. Sin alarmas hemos de seguir trabajando en sentirnos competitivas cada partido confiando en el nuevo proceso.<\/p>\n<\/blockquote>\n<\/div><\/div><\/div><div class=\"fusion-layout-column fusion_builder_column fusion-builder-column-2 fusion_builder_column_1_2 1_2 fusion-flex-column\" style=\"--awb-bg-size:cover;--awb-width-large:50%;--awb-spacing-right-large:3.84%;--awb-spacing-left-large:3.84%;--awb-width-medium:100%;--awb-order-medium:0;--awb-spacing-right-medium:1.92%;--awb-spacing-left-medium:1.92%;--awb-width-small:100%;--awb-order-small:0;--awb-spacing-right-small:1.92%;--awb-spacing-left-small:1.92%;\"><div class=\"fusion-column-wrapper fusion-column-has-shadow fusion-flex-justify-content-flex-start fusion-content-layout-column\"><div class=\"fusion-image-element \"><span class=\" fusion-imageframe imageframe-none imageframe-1 hover-type-none\"><img decoding=\"async\" width=\"819\" height=\"1024\" title=\"COCOS vs CRAT\" src=\"https:\/\/rugbysevilla.es\/wp\/wp-content\/uploads\/2023\/12\/COCOS-vs-CRAT-819x1024.jpeg\" alt class=\"img-responsive wp-image-3124\" srcset=\"https:\/\/rugbysevilla.es\/wp\/wp-content\/uploads\/2023\/12\/COCOS-vs-CRAT-200x250.jpeg 200w, https:\/\/rugbysevilla.es\/wp\/wp-content\/uploads\/2023\/12\/COCOS-vs-CRAT-400x500.jpeg 400w, https:\/\/rugbysevilla.es\/wp\/wp-content\/uploads\/2023\/12\/COCOS-vs-CRAT-600x750.jpeg 600w, https:\/\/rugbysevilla.es\/wp\/wp-content\/uploads\/2023\/12\/COCOS-vs-CRAT-800x1000.jpeg 800w, https:\/\/rugbysevilla.es\/wp\/wp-content\/uploads\/2023\/12\/COCOS-vs-CRAT.jpeg 1080w\" sizes=\"(max-width: 1024px) 100vw, (max-width: 640px) 100vw, 600px\" \/><\/span><\/div><\/div><\/div><\/div><\/div><div class=\"fusion-fullwidth fullwidth-box fusion-builder-row-3 fusion-flex-container has-pattern-background has-mask-background nonhundred-percent-fullwidth non-hundred-percent-height-scrolling\" style=\"--awb-border-radius-top-left:0px;--awb-border-radius-top-right:0px;--awb-border-radius-bottom-right:0px;--awb-border-radius-bottom-left:0px;\" ><div class=\"fusion-builder-row fusion-row fusion-flex-align-items-flex-start\" style=\"max-width:1216.8px;margin-left: calc(-4% \/ 2 );margin-right: calc(-4% \/ 2 );\"><div class=\"fusion-layout-column fusion_builder_column fusion-builder-column-3 fusion_builder_column_1_1 1_1 fusion-flex-column\" style=\"--awb-bg-size:cover;--awb-width-large:100%;--awb-margin-top-large:30px;--awb-spacing-right-large:1.92%;--awb-spacing-left-large:1.92%;--awb-width-medium:100%;--awb-order-medium:0;--awb-spacing-right-medium:1.92%;--awb-spacing-left-medium:1.92%;--awb-width-small:100%;--awb-order-small:0;--awb-spacing-right-small:1.92%;--awb-spacing-left-small:1.92%;\"><div class=\"fusion-column-wrapper fusion-column-has-shadow fusion-flex-justify-content-flex-start fusion-content-layout-column\"><div class=\"fusion-text fusion-text-3\"><p style=\"text-align: justify;\">Las gallegas vienen de ganar 32-11 al Ol\u00edmpico de Pozuelo y actualmente ocupa el segundo lugar en la tabla con tambi\u00e9n dos victorias y una derrota (ante las majariegas por un apretado 33-29). En sus \u00faltimos encuentros el t\u00e9cnico Orlando Colina ha alineado a Mar\u00eda Da Concei\u00e7ao Peixoto, Alicia San Martin, Maica Mart\u00ed, Leyre Bianchi, Maria Vega, Divina Leis, Elsa Porto, Judit Hern\u00e1ndez, Alba Rubial, Ana Iglesias, In\u00e9s Sp\u00ednola, Iciar Pozo, Cecilia Huarte, Alba Lisandra Mart\u00ednez, Mariana Romero, Miriam Roig, Alicia De los Palos Fern\u00e1ndez, Valle Vi\u00f1as, Carolina Eugenio, Leire Gorrotxategui, Alejandra Fernandez y Claudia Barrio.<\/p>\n<\/div><\/div><\/div><\/div><\/div><\/p>\n","protected":false},"excerpt":{"rendered":"","protected":false},"author":4,"featured_media":3124,"comment_status":"closed","ping_status":"open","sticky":false,"template":"","format":"standard","meta":{"footnotes":""},"categories":[3,8],"tags":[],"class_list":["post-3123","post","type-post","status-publish","format-standard","has-post-thumbnail","hentry","category-equipos","category-femenino"],"_links":{"self":[{"href":"https:\/\/rugbysevilla.es\/wp\/wp-json\/wp\/v2\/posts\/3123","targetHints":{"allow":["GET"]}}],"collection":[{"href":"https:\/\/rugbysevilla.es\/wp\/wp-json\/wp\/v2\/posts"}],"about":[{"href":"https:\/\/rugbysevilla.es\/wp\/wp-json\/wp\/v2\/types\/post"}],"author":[{"embeddable":true,"href":"https:\/\/rugbysevilla.es\/wp\/wp-json\/wp\/v2\/users\/4"}],"replies":[{"embeddable":true,"href":"https:\/\/rugbysevilla.es\/wp\/wp-json\/wp\/v2\/comments?post=3123"}],"version-history":[{"count":5,"href":"https:\/\/rugbysevilla.es\/wp\/wp-json\/wp\/v2\/posts\/3123\/revisions"}],"predecessor-version":[{"id":3241,"href":"https:\/\/rugbysevilla.es\/wp\/wp-json\/wp\/v2\/posts\/3123\/revisions\/3241"}],"wp:featuredmedia":[{"embeddable":true,"href":"https:\/\/rugbysevilla.es\/wp\/wp-json\/wp\/v2\/media\/3124"}],"wp:attachment":[{"href":"https:\/\/rugbysevilla.es\/wp\/wp-json\/wp\/v2\/media?parent=3123"}],"wp:term":[{"taxonomy":"category","embeddable":true,"href":"https:\/\/rugbysevilla.es\/wp\/wp-json\/wp\/v2\/categories?post=3123"},{"taxonomy":"post_tag","embeddable":true,"href":"https:\/\/rugbysevilla.es\/wp\/wp-json\/wp\/v2\/tags?post=3123"}],"curies":[{"name":"wp","href":"https:\/\/api.w.org\/{rel}","templated":true}]}}